{"id":2438,"date":"2024-07-19T08:17:23","date_gmt":"2024-07-19T06:17:23","guid":{"rendered":"https:\/\/volla-tablet.ch\/?p=2438"},"modified":"2024-07-19T08:17:23","modified_gmt":"2024-07-19T06:17:23","slug":"neues-zum-volla-tablet","status":"publish","type":"post","link":"https:\/\/volla-tablet.ch\/index.php\/2024\/07\/19\/neues-zum-volla-tablet\/","title":{"rendered":"Neues zum Volla Tablet"},"content":{"rendered":"<p><span style=\"font-family: helvetica, arial, sans-serif; font-size: 14px;\">[Auszug des newsletters vom 18.07.2024 von Volla Systems <a href=\"https:\/\/volla.online\" target=\"_blank\" rel=\"noopener\">https:\/\/volla.online<\/a>]<\/span><\/p>\n<div><span style=\"font-family: helvetica, arial, sans-serif;\">Es ist Sommer. Kein Anlass zur Pause aber dennoch die sch\u00f6nste Jahreszeit. Wir freuen uns, \u00fcber Fortschritte in der Entwicklung des Tablets berichten zu k\u00f6nnen. Seinen ersten \u00f6ffentlichen Auftritt feierte Das Volla Tablet auf den Volla Community Days, auf denen wir sowohl eine Beta Version von Volla OS als auch Ubuntu Touch zeigen konnten.<\/span><\/div>\n<div>\u00a0<\/div>\n<div><strong><span style=\"font-family: helvetica, arial, sans-serif;\">12,6 Zoll Quad HD Display im Videoformat<\/span><\/strong><\/div>\n<div>\u00a0<\/div>\n<div><span style=\"font-family: helvetica, arial, sans-serif;\">Um eine langfristige Produktion des Volla Tablets sicher zu stellen, mussten wir das urspr\u00fcnglich vorgesehene Display austauschen. Zeitweise testeten wir ein FHD Display mit einem klassischen 4-zu-3-Seitenverh\u00e4ltnis, konnten dann aber zu einem QHD-Display mit einem modernen 16-zu-9-Seitenverh\u00e4ltnis zur\u00fcckkehren. Auf diese Weise k\u00f6nnen wir eine hohe Aufl\u00f6sung und schlanke Form kombinieren, die trotz seiner gro\u00dfz\u00fcgigen 12,6 Zoll das Tablet schlank und leicht erscheinen l\u00e4sst.\u00a0<\/span><\/div>\n<div>\u00a0<\/div>\n<div><strong><span style=\"font-family: helvetica, arial, sans-serif;\">Upgrade auf 0,5 TB internen Speicher<\/span><\/strong><\/div>\n<div>\u00a0<\/div>\n<div><span style=\"font-family: helvetica, arial, sans-serif;\">Durch die zwei Versionen bis zu finalen Hardware verschiebt sich die Auslieferung des Tablets voraussichtlich um 1 bis 2 Monate. Als Ausgleich haben wir beschlossen, den internen Speicher von 256 GB auf einen halben Terabyte zu erh\u00f6hen. Zusammen mit 12 GB Arbeitsspeicher und dem leistungsstarken MTK Helio G99 Prozessor macht das Tablet zum Athleten, der es mit manchem Laptop aufnehmen kann.\u00a0<\/span><\/div>\n<div>\u00a0<\/div>\n<div><span style=\"font-family: helvetica, arial, sans-serif;\">Gute Nachricht f\u00fcr Gamer: Volla OS enth\u00e4lt den quelloffenen Gamespace, um f\u00fcr Computerspiele das maximum an Performance aus dem mobilen Ger\u00e4t herauszuholen.\u00a0<\/span><\/div>\n<div>\u00a0<\/div>\n<div><span style=\"font-family: helvetica, arial, sans-serif;\"><strong>Fortschritte f\u00fcr Stift und Tastatur<\/strong>\u00a0<\/span><\/div>\n<div>\u00a0<\/div>\n<div><span style=\"font-family: helvetica, arial, sans-serif;\">Inzwischen konnten wir den Prototyp des Volla Stiftes erfolgreich testen. Er ist leicht zu f\u00fchren und das schreiben auf dem Display ist erstaunlich fl\u00fcssig.\u00a0<\/span><\/div>\n<div>\u00a0<\/div>\n<div><img loading=\"lazy\" decoding=\"async\" class=\"aligncenter size-full wp-image-2568\" src=\"https:\/\/volla-phone.ch\/wp-content\/uploads\/2024\/07\/tablet-with-pen.png\" alt=\"\" width=\"800\" height=\"450\" \/><\/div>\n<div>\u00a0<\/div>\n<div><span style=\"font-family: helvetica, arial, sans-serif;\">F\u00fcr die Tastatur planen wir ein klares, schlankes Design mit parallel verlaufender Ober und Unterseite. Sie ist in eine H\u00fclle integriert, in die sich das Tablet einfach einstecken und mit der Tastatur verbinden l\u00e4sst. Die Seite des Displays l\u00e4sst sich hierbei leicht und schnell aufstellen. F\u00fcr die beleuchtete Tastatur is ein gro\u00dfz\u00fcgiges Trackpad und ein seitlicher USB-Anschluss f\u00fcr eine Maus, Speicher-Stick oder anderes Zubeh\u00f6r vorgesehen. Wir hoffen, bald Renderings vorlegen zu k\u00f6nnen. Als n\u00e4chstes ist die Produktion der Spritzgussformen geplant.<\/span><\/div>\n<div>\u00a0<\/div>\n<div><strong><span style=\"font-family: helvetica, arial, sans-serif;\">Fertigung in K\u00fcrze, Auslieferung im Herbst<\/span><\/strong><\/div>\n<div>\u00a0<\/div>\n<div><span style=\"font-family: helvetica, arial, sans-serif;\">Nach abschlie\u00dfender Qualit\u00e4tssicherung kann bald die Serienfertigung des Volla Tablets beginnen, sodass wir im Oktober die letzten Produktionsschritte an unserem Standort in Remscheid durchf\u00fchren k\u00f6nnen, um mit der Auslieferung im November mit 1 bis 2 Monaten Versp\u00e4tung zu starten. Parallel haben wir begonnen mit einem lokalen Lieferanten die Verpackung zu entwickeln, die dem Pro-Tablet angemessen ist.\u00a0<\/span><\/div>\n<div>\u00a0<\/div>\n<div><span style=\"font-family: helvetica, arial, sans-serif;\">Auch die Software-Entwicklung schreitet voran. Hierf\u00fcr erwarten demn\u00e4chst aktualisierte Firmware mit neuen Ger\u00e4tetreibern, die durch den Austausch des Displays notwendig wurden.\u00a0<\/span><\/div>\n<div>\u00a0<\/div>\n<div><span style=\"font-family: helvetica, arial, sans-serif;\">Wir k\u00f6nnen es kaum erwarten, das finale Volla Tablet mit Volla OS und Ubuntu Touch in H\u00e4nden zu halten und auf den Weg zu den Anwendern zu bringen<\/span><\/div>\n","protected":false},"excerpt":{"rendered":"<p>[Auszug des newsletters vom 18.07.2024 von Volla Systems https:\/\/volla.online] Es ist Sommer. Kein Anlass zur Pause aber dennoch die sch\u00f6nste<\/p>\n<p><a href=\"https:\/\/volla-tablet.ch\/index.php\/2024\/07\/19\/neues-zum-volla-tablet\/\" class=\"more-link\">Continue reading<span class=\"screen-reader-text\">Neues zum Volla Tablet<\/span><\/a><\/p>\n","protected":false},"author":1,"featured_media":2439,"comment_status":"open","ping_status":"open","sticky":false,"template":"","format":"standard","meta":{"jetpack_post_was_ever_published":false,"_jetpack_newsletter_access":"","_jetpack_dont_email_post_to_subs":false,"_jetpack_newsletter_tier_id":0,"_jetpack_memberships_contains_paywalled_content":false,"_jetpack_memberships_contains_paid_content":false,"footnotes":"","jetpack_publicize_message":"","jetpack_publicize_feature_enabled":true,"jetpack_social_post_already_shared":true,"jetpack_social_options":{"image_generator_settings":{"template":"highway","default_image_id":0,"font":"","enabled":false},"version":2}},"categories":[5],"tags":[],"class_list":["post-2438","post","type-post","status-publish","format-standard","has-post-thumbnail","hentry","category-volla-tablet"],"jetpack_publicize_connections":[],"jetpack_featured_media_url":"https:\/\/volla-tablet.ch\/wp-content\/uploads\/2024\/07\/tablet-with-pen.png","jetpack_sharing_enabled":true,"_links":{"self":[{"href":"https:\/\/volla-tablet.ch\/index.php\/wp-json\/wp\/v2\/posts\/2438","targetHints":{"allow":["GET"]}}],"collection":[{"href":"https:\/\/volla-tablet.ch\/index.php\/wp-json\/wp\/v2\/posts"}],"about":[{"href":"https:\/\/volla-tablet.ch\/index.php\/wp-json\/wp\/v2\/types\/post"}],"author":[{"embeddable":true,"href":"https:\/\/volla-tablet.ch\/index.php\/wp-json\/wp\/v2\/users\/1"}],"replies":[{"embeddable":true,"href":"https:\/\/volla-tablet.ch\/index.php\/wp-json\/wp\/v2\/comments?post=2438"}],"version-history":[{"count":1,"href":"https:\/\/volla-tablet.ch\/index.php\/wp-json\/wp\/v2\/posts\/2438\/revisions"}],"predecessor-version":[{"id":2440,"href":"https:\/\/volla-tablet.ch\/index.php\/wp-json\/wp\/v2\/posts\/2438\/revisions\/2440"}],"wp:featuredmedia":[{"embeddable":true,"href":"https:\/\/volla-tablet.ch\/index.php\/wp-json\/wp\/v2\/media\/2439"}],"wp:attachment":[{"href":"https:\/\/volla-tablet.ch\/index.php\/wp-json\/wp\/v2\/media?parent=2438"}],"wp:term":[{"taxonomy":"category","embeddable":true,"href":"https:\/\/volla-tablet.ch\/index.php\/wp-json\/wp\/v2\/categories?post=2438"},{"taxonomy":"post_tag","embeddable":true,"href":"https:\/\/volla-tablet.ch\/index.php\/wp-json\/wp\/v2\/tags?post=2438"}],"curies":[{"name":"wp","href":"https:\/\/api.w.org\/{rel}","templated":true}]}}